{"id":1263,"date":"2016-08-13T15:01:42","date_gmt":"2016-08-13T14:01:42","guid":{"rendered":"http:\/\/www.neve.at\/renate\/?p=1263"},"modified":"2019-03-18T22:25:46","modified_gmt":"2019-03-18T21:25:46","slug":"seminar-panta-rhei","status":"publish","type":"post","link":"https:\/\/www.neve.at\/renate\/2016\/08\/13\/seminar-panta-rhei\/","title":{"rendered":"Seminar"},"content":{"rendered":"<h2 style=\"text-align: center;\">PANTA RHEI &#8211; alles flie\u00dft<\/h2>\n<p>&nbsp;<\/p>\n<h4 style=\"text-align: center;\">Ein spirituelles 3-Tage Seminar mit <strong>Renate Neve<\/strong><\/h4>\n<h4 style=\"text-align: center;\">von Freitag 30. Sept. bis Sonntag 2. Okt. 2016.<\/h4>\n<p>&nbsp;<br \/>\n<img decoding=\"async\" loading=\"lazy\" class=\"aligncenter size-full wp-image-1274\" src=\"https:\/\/www.neve.at\/renate\/wp-content\/uploads\/2016\/08\/kloster1a-2.jpg\" alt=\"kloster1a-2\" width=\"510\" height=\"217\" srcset=\"https:\/\/www.neve.at\/renate\/wp-content\/uploads\/2016\/08\/kloster1a-2.jpg 510w, https:\/\/www.neve.at\/renate\/wp-content\/uploads\/2016\/08\/kloster1a-2-300x128.jpg 300w\" sizes=\"(max-width: 510px) 100vw, 510px\" \/><\/p>\n<p>&nbsp;<\/p>\n<h5 style=\"text-align: center;\">Im Zisterzienserinnenabtei Mariastern, A-6914 Hohenweiler, Gwiggen 1<\/h5>\n<p>&nbsp;<\/p>\n<p><!--more--><\/p>\n<p>Dieses Seminar ist reservierte Zeit f\u00fcr Sie und bietet Raum f\u00fcr die Begegnung mit Ihrer eigenen Pers\u00f6nlichkeit. Bewusst r\u00fccken wir in diesen Tagen uns und unsere Bed\u00fcrfnisse in den Mittelpunkt:<\/p>\n<p><strong>Begegnen<\/strong> &#8211; heute besuche ich mich, hoffentlich bin ich zu Hause.<\/p>\n<p><strong>Erkennen<\/strong> &#8211; wende dein Gesicht der Sonne zu, dann fallen die Schatten hinter dich.<\/p>\n<p><strong>Loslassen<\/strong> &#8211; dem Leben liebevoll eine neue Richtung geben.<\/p>\n<p><strong>Vertiefen<\/strong> &#8211; Vertrauen ausbauen in mein neues Ich.<\/p>\n<p>Wir nehmen wahr, dass K\u00f6rper, Geist und Seele zusammenspielen. Oft in harmonischem Einklang, manchmal sich st\u00e4ndig ver\u00e4ndernd und herausfordernd zugleich, aber stets im Fluss des Lebens. Wir lassen Energien flie\u00dfen, werfen unn\u00fctzen Ballast \u00fcber Bord und verschaffen der Seele Erholung, damit wir unsere pers\u00f6nliche Lebensaufgabe mit neuer Energie (wieder) beginnen k\u00f6nnen. Die liebevoll gestaltete Mischung aus lebensfreudigen Aktivit\u00e4ten und meditativen Ruhephasen sind Schritte auf einem neuen Weg zu sich selbst.<\/p>\n<p><strong>Seminarbeginn: Freitag 30. September 2016 um 10:00 Uhr<br \/>\nSeminarende: Sonntag 2. Oktober 2016 um 15:00 Uhr<br \/>\n<\/strong><\/p>\n<p>Seminarbeitrag: \u20ac 130,-<\/p>\n<p>Einzelzimmer: \u20ac 110,- (Preis f\u00fcr zwei N\u00e4chte Unterkunft im G\u00e4stehaus. Alle Zimmer mit Dusche und WC, Vollpension, inklusive Mittagessen am Freitag und Sonntag.)<br \/>\n&nbsp;<br \/>\n&nbsp;<br \/>\n<img decoding=\"async\" loading=\"lazy\" class=\"alignleft size-full wp-image-1234\" src=\"https:\/\/www.neve.at\/renate\/wp-content\/uploads\/2015\/03\/MG_0003-2.jpg\" alt=\"_MG_0003-2\" width=\"185\" height=\"185\" srcset=\"https:\/\/www.neve.at\/renate\/wp-content\/uploads\/2015\/03\/MG_0003-2.jpg 185w, https:\/\/www.neve.at\/renate\/wp-content\/uploads\/2015\/03\/MG_0003-2-150x150.jpg 150w, https:\/\/www.neve.at\/renate\/wp-content\/uploads\/2015\/03\/MG_0003-2-177x177.jpg 177w, https:\/\/www.neve.at\/renate\/wp-content\/uploads\/2015\/03\/MG_0003-2-35x35.jpg 35w\" sizes=\"(max-width: 185px) 100vw, 185px\" \/><strong>Seminarleiterin: Renate Neve<\/strong><\/p>\n<p>Mentaltrainerin &#8211; Schauspielerin &#8211; Regisseurin<\/p>\n<p>Daunerstra\u00dfe 14 &#8211; 6773 Vandans &#8211; \u00d6sterreich<\/p>\n<p>Mobil: +43-664-1827369<br \/>\nEmail: renate@neve.at<br \/>\nHpage: www.neve.at<\/p>\n<p>&nbsp;<\/p>\n<h6 style=\"text-align: Center;\"><em>Das Sein ist ewige Bewegung, ist ein immer neues Werden.<\/em><\/h6>\n","protected":false},"excerpt":{"rendered":"<p>PANTA RHEI &#8211; alles flie\u00dft &nbsp; Ein spirituelles 3-Tage Seminar mit Renate Neve von Freitag 30. Sept. bis Sonntag 2. Okt. 2016. &nbsp; &nbsp; Im Zisterzienserinnenabtei Mariastern, A-6914 Hohenweiler, Gwiggen 1 &nbsp;<\/p>\n","protected":false},"author":1,"featured_media":0,"comment_status":"closed","ping_status":"closed","sticky":false,"template":"","format":"standard","meta":[],"categories":[44,48],"tags":[],"_links":{"self":[{"href":"https:\/\/www.neve.at\/renate\/wp-json\/wp\/v2\/posts\/1263"}],"collection":[{"href":"https:\/\/www.neve.at\/renate\/wp-json\/wp\/v2\/posts"}],"about":[{"href":"https:\/\/www.neve.at\/renate\/wp-json\/wp\/v2\/types\/post"}],"author":[{"embeddable":true,"href":"https:\/\/www.neve.at\/renate\/wp-json\/wp\/v2\/users\/1"}],"replies":[{"embeddable":true,"href":"https:\/\/www.neve.at\/renate\/wp-json\/wp\/v2\/comments?post=1263"}],"version-history":[{"count":36,"href":"https:\/\/www.neve.at\/renate\/wp-json\/wp\/v2\/posts\/1263\/revisions"}],"predecessor-version":[{"id":1328,"href":"https:\/\/www.neve.at\/renate\/wp-json\/wp\/v2\/posts\/1263\/revisions\/1328"}],"wp:attachment":[{"href":"https:\/\/www.neve.at\/renate\/wp-json\/wp\/v2\/media?parent=1263"}],"wp:term":[{"taxonomy":"category","embeddable":true,"href":"https:\/\/www.neve.at\/renate\/wp-json\/wp\/v2\/categories?post=1263"},{"taxonomy":"post_tag","embeddable":true,"href":"https:\/\/www.neve.at\/renate\/wp-json\/wp\/v2\/tags?post=1263"}],"curies":[{"name":"wp","href":"https:\/\/api.w.org\/{rel}","templated":true}]}}